{"id":1797,"date":"2025-05-07T10:06:42","date_gmt":"2025-05-07T08:06:42","guid":{"rendered":"https:\/\/carhirenerja.com\/?p=1797"},"modified":"2025-05-07T16:51:23","modified_gmt":"2025-05-07T14:51:23","slug":"que-ver-en-la-axarquia-top-10-lugares-imprescindibles","status":"publish","type":"post","link":"https:\/\/carhirenerja.com\/es\/que-ver-en-la-axarquia-top-10-lugares-imprescindibles\/","title":{"rendered":"Qu\u00e9 ver en la Axarqu\u00eda: Top 10 lugares imprescindibles"},"content":{"rendered":"\t\t<div data-elementor-type=\"wp-post\" data-elementor-id=\"1797\" class=\"elementor elementor-1797\" data-elementor-post-type=\"post\">\n\t\t\t\t\t\t<section class=\"elementor-section elementor-top-section elementor-element elementor-element-1a7e3b6 elementor-section-boxed elementor-section-height-default elementor-section-height-default\" data-id=\"1a7e3b6\" data-element_type=\"section\" data-settings=\"{&quot;jet_parallax_layout_list&quot;:[]}\">\n\t\t\t\t\t\t<div class=\"elementor-container elementor-column-gap-default\">\n\t\t\t\t\t<div class=\"elementor-column elementor-col-100 elementor-top-column elementor-element elementor-element-8e046d6\" data-id=\"8e046d6\" data-element_type=\"column\">\n\t\t\t<div class=\"elementor-widget-wrap elementor-element-populated\">\n\t\t\t\t\t\t<div class=\"elementor-element elementor-element-98c0d18 elementor-widget elementor-widget-text-editor\" data-id=\"98c0d18\" data-element_type=\"widget\" data-widget_type=\"text-editor.default\">\n\t\t\t\t<div class=\"elementor-widget-container\">\n\t\t\t\t\t\t\t<p><b>Qu\u00e9 ver en la Axarqu\u00eda<\/b> es una pregunta que se contesta sola en cuanto uno comienza a explorar esta joya escondida al <b>este de la provincia de M\u00e1laga. <\/b>Con una combinaci\u00f3n perfecta de costa mediterr\u00e1nea, pueblos blancos de interior, gastronom\u00eda tradicional y parajes naturales \u00fanicos, esta comarca se ha convertido en un destino imprescindible para quienes buscan conocer el alma de Andaluc\u00eda sin caer en el turismo masificado.<\/p><p>Si est\u00e1s planificando una escapada al sur, aqu\u00ed te mostramos los mejores lugares que ver en la Axarqu\u00eda malague\u00f1a para que vivas una experiencia completa, diversa y enriquecedora.<\/p>\t\t\t\t\t\t<\/div>\n\t\t\t\t<\/div>\n\t\t\t\t<div class=\"elementor-element elementor-element-9d00576 elementor-widget elementor-widget-heading\" data-id=\"9d00576\" data-element_type=\"widget\" data-widget_type=\"heading.default\">\n\t\t\t\t<div class=\"elementor-widget-container\">\n\t\t\t<h2 class=\"elementor-heading-title elementor-size-default\">Qu\u00e9 ver en la Axarqu\u00eda Malague\u00f1a<\/h2>\t\t<\/div>\n\t\t\t\t<\/div>\n\t\t\t\t<div class=\"elementor-element elementor-element-5030622 elementor-widget elementor-widget-text-editor\" data-id=\"5030622\" data-element_type=\"widget\" data-widget_type=\"text-editor.default\">\n\t\t\t\t<div class=\"elementor-widget-container\">\n\t\t\t\t\t\t\t<p>La Axarqu\u00eda se extiende desde el litoral hasta las cumbres de la sierra y sorprende por su riqueza paisaj\u00edstica, su pasado \u00e1rabe y la autenticidad de sus pueblos. Su nombre, de origen \u00e1rabe, significa \u00abla parte oriental\u00bb, y define a la perfecci\u00f3n este rinc\u00f3n encantador de la provincia de M\u00e1laga.<\/p>\t\t\t\t\t\t<\/div>\n\t\t\t\t<\/div>\n\t\t\t\t<div class=\"elementor-element elementor-element-2936cd1 elementor-widget elementor-widget-heading\" data-id=\"2936cd1\" data-element_type=\"widget\" data-widget_type=\"heading.default\">\n\t\t\t\t<div class=\"elementor-widget-container\">\n\t\t\t<h3 class=\"elementor-heading-title elementor-size-default\">\u00bfD\u00f3nde est\u00e1 la Axarqu\u00eda?<\/h3>\t\t<\/div>\n\t\t\t\t<\/div>\n\t\t\t\t<div class=\"elementor-element elementor-element-10b2760 elementor-widget elementor-widget-text-editor\" data-id=\"10b2760\" data-element_type=\"widget\" data-widget_type=\"text-editor.default\">\n\t\t\t\t<div class=\"elementor-widget-container\">\n\t\t\t\t\t\t\t<p>Situada al este de la ciudad de M\u00e1laga y lindando con Granada, la Axarqu\u00eda comprende m\u00e1s de 30 municipios, todos conectados por carreteras panor\u00e1micas. Si quieres aprovechar bien tu viaje, lo mejor es recorrerla en coche. En este sentido, <a href=\"https:\/\/carhirenerja.com\/es\/\"><strong>Car Hire Nerja<\/strong><\/a> te ofrece una excelente opci\u00f3n de coche de alquiler para moverte a tu ritmo y descubrir todos sus rincones.<\/p>\t\t\t\t\t\t<\/div>\n\t\t\t\t<\/div>\n\t\t\t\t<section class=\"elementor-section elementor-inner-section elementor-element elementor-element-0eac36c elementor-section-boxed elementor-section-height-default elementor-section-height-default\" data-id=\"0eac36c\" data-element_type=\"section\" data-settings=\"{&quot;jet_parallax_layout_list&quot;:[]}\">\n\t\t\t\t\t\t<div class=\"elementor-container elementor-column-gap-default\">\n\t\t\t\t\t<div class=\"elementor-column elementor-col-50 elementor-inner-column elementor-element elementor-element-dc1a507\" data-id=\"dc1a507\" data-element_type=\"column\">\n\t\t\t<div class=\"elementor-widget-wrap elementor-element-populated\">\n\t\t\t\t\t\t<div class=\"elementor-element elementor-element-27866db elementor-widget elementor-widget-heading\" data-id=\"27866db\" data-element_type=\"widget\" data-widget_type=\"heading.default\">\n\t\t\t\t<div class=\"elementor-widget-container\">\n\t\t\t<h4 class=\"elementor-heading-title elementor-size-default\">1. Nerja y su Balc\u00f3n de Europa<\/h4>\t\t<\/div>\n\t\t\t\t<\/div>\n\t\t\t\t<div class=\"elementor-element elementor-element-ea8bb64 elementor-widget elementor-widget-heading\" data-id=\"ea8bb64\" data-element_type=\"widget\" data-widget_type=\"heading.default\">\n\t\t\t\t<div class=\"elementor-widget-container\">\n\t\t\t<span class=\"elementor-heading-title elementor-size-default\">Cuevas de Nerja: un tesoro subterr\u00e1neo<\/span>\t\t<\/div>\n\t\t\t\t<\/div>\n\t\t\t\t<div class=\"elementor-element elementor-element-e8ad3f0 elementor-widget elementor-widget-text-editor\" data-id=\"e8ad3f0\" data-element_type=\"widget\" data-widget_type=\"text-editor.default\">\n\t\t\t\t<div class=\"elementor-widget-container\">\n\t\t\t\t\t\t\tUno de los puntos m\u00e1s emblem\u00e1ticos que ver en la Axarqu\u00eda es Nerja, una localidad costera famosa por sus playas, el Balc\u00f3n de Europa y sus famosas Cuevas, donde se encuentran algunas de las pinturas rupestres m\u00e1s antiguas de Europa.\t\t\t\t\t\t<\/div>\n\t\t\t\t<\/div>\n\t\t\t\t<div class=\"elementor-element elementor-element-a8e2f7f elementor-widget elementor-widget-heading\" data-id=\"a8e2f7f\" data-element_type=\"widget\" data-widget_type=\"heading.default\">\n\t\t\t\t<div class=\"elementor-widget-container\">\n\t\t\t<span class=\"elementor-heading-title elementor-size-default\">Horarios, entradas y c\u00f3mo llegar<\/span>\t\t<\/div>\n\t\t\t\t<\/div>\n\t\t\t\t<div class=\"elementor-element elementor-element-fea07a0 elementor-widget elementor-widget-text-editor\" data-id=\"fea07a0\" data-element_type=\"widget\" data-widget_type=\"text-editor.default\">\n\t\t\t\t<div class=\"elementor-widget-container\">\n\t\t\t\t\t\t\tPuedes llegar desde M\u00e1laga en menos de una hora. La visita dura aproximadamente una hora y media y es apta para todas las edades.\t\t\t\t\t\t<\/div>\n\t\t\t\t<\/div>\n\t\t\t\t\t<\/div>\n\t\t<\/div>\n\t\t\t\t<div class=\"elementor-column elementor-col-50 elementor-inner-column elementor-element elementor-element-78ec491\" data-id=\"78ec491\" data-element_type=\"column\">\n\t\t\t<div class=\"elementor-widget-wrap elementor-element-populated\">\n\t\t\t\t\t\t<div class=\"elementor-element elementor-element-0425a1a elementor-widget elementor-widget-image\" data-id=\"0425a1a\" data-element_type=\"widget\" data-widget_type=\"image.default\">\n\t\t\t\t<div class=\"elementor-widget-container\">\n\t\t\t\t\t\t\t\t\t\t\t\t\t<img fetchpriority=\"high\" decoding=\"async\" width=\"1024\" height=\"1024\" src=\"https:\/\/carhirenerja.com\/wp-content\/uploads\/2025\/05\/Nerja-y-su-Balcon-de-Europa-1.jpg\" class=\"attachment-large size-large wp-image-1890\" alt=\"mejores hoteles en Nerja\" srcset=\"https:\/\/carhirenerja.com\/wp-content\/uploads\/2025\/05\/Nerja-y-su-Balcon-de-Europa-1.jpg 1024w, https:\/\/carhirenerja.com\/wp-content\/uploads\/2025\/05\/Nerja-y-su-Balcon-de-Europa-1-300x300.jpg 300w, https:\/\/carhirenerja.com\/wp-content\/uploads\/2025\/05\/Nerja-y-su-Balcon-de-Europa-1-150x150.jpg 150w, https:\/\/carhirenerja.com\/wp-content\/uploads\/2025\/05\/Nerja-y-su-Balcon-de-Europa-1-768x768.jpg 768w\" sizes=\"(max-width: 1024px) 100vw, 1024px\" \/>\t\t\t\t\t\t\t\t\t\t\t\t\t<\/div>\n\t\t\t\t<\/div>\n\t\t\t\t\t<\/div>\n\t\t<\/div>\n\t\t\t\t\t<\/div>\n\t\t<\/section>\n\t\t\t\t<div class=\"elementor-element elementor-element-f534694 elementor-widget elementor-widget-spacer\" data-id=\"f534694\" data-element_type=\"widget\" data-widget_type=\"spacer.default\">\n\t\t\t\t<div class=\"elementor-widget-container\">\n\t\t\t\t\t<div class=\"elementor-spacer\">\n\t\t\t<div class=\"elementor-spacer-inner\"><\/div>\n\t\t<\/div>\n\t\t\t\t<\/div>\n\t\t\t\t<\/div>\n\t\t\t\t<section class=\"elementor-section elementor-inner-section elementor-element elementor-element-cfcbf2a elementor-section-boxed elementor-section-height-default elementor-section-height-default\" data-id=\"cfcbf2a\" data-element_type=\"section\" data-settings=\"{&quot;jet_parallax_layout_list&quot;:[]}\">\n\t\t\t\t\t\t<div class=\"elementor-container elementor-column-gap-default\">\n\t\t\t\t\t<div class=\"elementor-column elementor-col-50 elementor-inner-column elementor-element elementor-element-903c12e\" data-id=\"903c12e\" data-element_type=\"column\">\n\t\t\t<div class=\"elementor-widget-wrap elementor-element-populated\">\n\t\t\t\t\t\t<div class=\"elementor-element elementor-element-4859b1b elementor-widget elementor-widget-image\" data-id=\"4859b1b\" data-element_type=\"widget\" data-widget_type=\"image.default\">\n\t\t\t\t<div class=\"elementor-widget-container\">\n\t\t\t\t\t\t\t\t\t\t\t\t\t<img decoding=\"async\" width=\"1024\" height=\"1024\" src=\"https:\/\/carhirenerja.com\/wp-content\/uploads\/2025\/05\/Frigiliana-uno-de-los-pueblos-mas-bonitos-de-Espana.jpg\" class=\"attachment-large size-large wp-image-1810\" alt=\"qu\u00e9 ver en la Axarqu\u00eda\" srcset=\"https:\/\/carhirenerja.com\/wp-content\/uploads\/2025\/05\/Frigiliana-uno-de-los-pueblos-mas-bonitos-de-Espana.jpg 1024w, https:\/\/carhirenerja.com\/wp-content\/uploads\/2025\/05\/Frigiliana-uno-de-los-pueblos-mas-bonitos-de-Espana-300x300.jpg 300w, https:\/\/carhirenerja.com\/wp-content\/uploads\/2025\/05\/Frigiliana-uno-de-los-pueblos-mas-bonitos-de-Espana-150x150.jpg 150w, https:\/\/carhirenerja.com\/wp-content\/uploads\/2025\/05\/Frigiliana-uno-de-los-pueblos-mas-bonitos-de-Espana-768x768.jpg 768w\" sizes=\"(max-width: 1024px) 100vw, 1024px\" \/>\t\t\t\t\t\t\t\t\t\t\t\t\t<\/div>\n\t\t\t\t<\/div>\n\t\t\t\t\t<\/div>\n\t\t<\/div>\n\t\t\t\t<div class=\"elementor-column elementor-col-50 elementor-inner-column elementor-element elementor-element-f0bc10f\" data-id=\"f0bc10f\" data-element_type=\"column\">\n\t\t\t<div class=\"elementor-widget-wrap elementor-element-populated\">\n\t\t\t\t\t\t<div class=\"elementor-element elementor-element-eda9fb7 elementor-widget elementor-widget-heading\" data-id=\"eda9fb7\" data-element_type=\"widget\" data-widget_type=\"heading.default\">\n\t\t\t\t<div class=\"elementor-widget-container\">\n\t\t\t<h4 class=\"elementor-heading-title elementor-size-default\">2. Frigiliana, uno de los pueblos m\u00e1s bonitos de Espa\u00f1a<\/h4>\t\t<\/div>\n\t\t\t\t<\/div>\n\t\t\t\t<div class=\"elementor-element elementor-element-0979432 elementor-widget elementor-widget-heading\" data-id=\"0979432\" data-element_type=\"widget\" data-widget_type=\"heading.default\">\n\t\t\t\t<div class=\"elementor-widget-container\">\n\t\t\t<span class=\"elementor-heading-title elementor-size-default\">El encanto morisco andaluz<\/span>\t\t<\/div>\n\t\t\t\t<\/div>\n\t\t\t\t<div class=\"elementor-element elementor-element-fdcc74e elementor-widget elementor-widget-text-editor\" data-id=\"fdcc74e\" data-element_type=\"widget\" data-widget_type=\"text-editor.default\">\n\t\t\t\t<div class=\"elementor-widget-container\">\n\t\t\t\t\t\t\t<p>Considerado uno de los pueblos m\u00e1s pintorescos que ver en la Axarqu\u00eda malague\u00f1a, Frigiliana conserva intacto su trazado morisco, con callejuelas empedradas, flores en cada rinc\u00f3n y un ambiente de paz que enamora.<\/p>\t\t\t\t\t\t<\/div>\n\t\t\t\t<\/div>\n\t\t\t\t<div class=\"elementor-element elementor-element-7294b37 elementor-widget elementor-widget-heading\" data-id=\"7294b37\" data-element_type=\"widget\" data-widget_type=\"heading.default\">\n\t\t\t\t<div class=\"elementor-widget-container\">\n\t\t\t<span class=\"elementor-heading-title elementor-size-default\">Qu\u00e9 ver en Frigiliana en un d\u00eda<\/span>\t\t<\/div>\n\t\t\t\t<\/div>\n\t\t\t\t<div class=\"elementor-element elementor-element-bf124b4 elementor-widget elementor-widget-text-editor\" data-id=\"bf124b4\" data-element_type=\"widget\" data-widget_type=\"text-editor.default\">\n\t\t\t\t<div class=\"elementor-widget-container\">\n\t\t\t\t\t\t\t<p>No te pierdas el Museo Arqueol\u00f3gico, la Casa del Apero, el Ingenio de miel de ca\u00f1a, y los miradores con vistas al mar.<\/p>\t\t\t\t\t\t<\/div>\n\t\t\t\t<\/div>\n\t\t\t\t\t<\/div>\n\t\t<\/div>\n\t\t\t\t\t<\/div>\n\t\t<\/section>\n\t\t\t\t<div class=\"elementor-element elementor-element-cae24a8 elementor-widget elementor-widget-spacer\" data-id=\"cae24a8\" data-element_type=\"widget\" data-widget_type=\"spacer.default\">\n\t\t\t\t<div class=\"elementor-widget-container\">\n\t\t\t\t\t<div class=\"elementor-spacer\">\n\t\t\t<div class=\"elementor-spacer-inner\"><\/div>\n\t\t<\/div>\n\t\t\t\t<\/div>\n\t\t\t\t<\/div>\n\t\t\t\t<section class=\"elementor-section elementor-inner-section elementor-element elementor-element-1f8bb18 elementor-section-boxed elementor-section-height-default elementor-section-height-default\" data-id=\"1f8bb18\" data-element_type=\"section\" data-settings=\"{&quot;jet_parallax_layout_list&quot;:[]}\">\n\t\t\t\t\t\t<div class=\"elementor-container elementor-column-gap-default\">\n\t\t\t\t\t<div class=\"elementor-column elementor-col-50 elementor-inner-column elementor-element elementor-element-ba7d183\" data-id=\"ba7d183\" data-element_type=\"column\">\n\t\t\t<div class=\"elementor-widget-wrap elementor-element-populated\">\n\t\t\t\t\t\t<div class=\"elementor-element elementor-element-475f0f2 elementor-widget elementor-widget-heading\" data-id=\"475f0f2\" data-element_type=\"widget\" data-widget_type=\"heading.default\">\n\t\t\t\t<div class=\"elementor-widget-container\">\n\t\t\t<h4 class=\"elementor-heading-title elementor-size-default\">3. Sendero de El Saltillo en Canillas de Aceituno<\/h4>\t\t<\/div>\n\t\t\t\t<\/div>\n\t\t\t\t<div class=\"elementor-element elementor-element-13b7fee elementor-widget elementor-widget-heading\" data-id=\"13b7fee\" data-element_type=\"widget\" data-widget_type=\"heading.default\">\n\t\t\t\t<div class=\"elementor-widget-container\">\n\t\t\t<h3 class=\"elementor-heading-title elementor-size-default\">El \u201cCaminito del Rey\u201d de la Axarqu\u00eda<\/h3>\t\t<\/div>\n\t\t\t\t<\/div>\n\t\t\t\t<div class=\"elementor-element elementor-element-6cf4618 elementor-widget elementor-widget-text-editor\" data-id=\"6cf4618\" data-element_type=\"widget\" data-widget_type=\"text-editor.default\">\n\t\t\t\t<div class=\"elementor-widget-container\">\n\t\t\t\t\t\t\t<p>Si eres amante del senderismo, no te puedes perder este espectacular recorrido conocido como el Caminito del Rey de la Axarqu\u00eda. Une Canillas de Aceituno con Sedella a trav\u00e9s de pasarelas y un puente colgante que atraviesa el barranco del r\u00edo Almanchares.<\/p>\t\t\t\t\t\t<\/div>\n\t\t\t\t<\/div>\n\t\t\t\t<div class=\"elementor-element elementor-element-28c6e46 elementor-widget elementor-widget-heading\" data-id=\"28c6e46\" data-element_type=\"widget\" data-widget_type=\"heading.default\">\n\t\t\t\t<div class=\"elementor-widget-container\">\n\t\t\t<span class=\"elementor-heading-title elementor-size-default\">Recomendaciones y dificultad del recorrido<\/span>\t\t<\/div>\n\t\t\t\t<\/div>\n\t\t\t\t<div class=\"elementor-element elementor-element-5b4021b elementor-widget elementor-widget-text-editor\" data-id=\"5b4021b\" data-element_type=\"widget\" data-widget_type=\"text-editor.default\">\n\t\t\t\t<div class=\"elementor-widget-container\">\n\t\t\t\t\t\t\t<p>Aunque no es t\u00e9cnicamente dif\u00edcil, se recomienda llevar buen calzado, agua y evitar las horas de m\u00e1s calor. El puente colgante de 50 metros es el gran atractivo.<\/p>\t\t\t\t\t\t<\/div>\n\t\t\t\t<\/div>\n\t\t\t\t\t<\/div>\n\t\t<\/div>\n\t\t\t\t<div class=\"elementor-column elementor-col-50 elementor-inner-column elementor-element elementor-element-4531031\" data-id=\"4531031\" data-element_type=\"column\">\n\t\t\t<div class=\"elementor-widget-wrap elementor-element-populated\">\n\t\t\t\t\t\t<div class=\"elementor-element elementor-element-706482d elementor-widget elementor-widget-image\" data-id=\"706482d\" data-element_type=\"widget\" data-widget_type=\"image.default\">\n\t\t\t\t<div class=\"elementor-widget-container\">\n\t\t\t\t\t\t\t\t\t\t\t\t\t<img decoding=\"async\" width=\"1024\" height=\"1024\" src=\"https:\/\/carhirenerja.com\/wp-content\/uploads\/2025\/05\/Sendero-de-El-Saltillo-en-Canillas-de-Aceituno.jpg\" class=\"attachment-large size-large wp-image-1816\" alt=\"qu\u00e9 ver en la Axarqu\u00eda\" srcset=\"https:\/\/carhirenerja.com\/wp-content\/uploads\/2025\/05\/Sendero-de-El-Saltillo-en-Canillas-de-Aceituno.jpg 1024w, https:\/\/carhirenerja.com\/wp-content\/uploads\/2025\/05\/Sendero-de-El-Saltillo-en-Canillas-de-Aceituno-300x300.jpg 300w, https:\/\/carhirenerja.com\/wp-content\/uploads\/2025\/05\/Sendero-de-El-Saltillo-en-Canillas-de-Aceituno-150x150.jpg 150w, https:\/\/carhirenerja.com\/wp-content\/uploads\/2025\/05\/Sendero-de-El-Saltillo-en-Canillas-de-Aceituno-768x768.jpg 768w\" sizes=\"(max-width: 1024px) 100vw, 1024px\" \/>\t\t\t\t\t\t\t\t\t\t\t\t\t<\/div>\n\t\t\t\t<\/div>\n\t\t\t\t\t<\/div>\n\t\t<\/div>\n\t\t\t\t\t<\/div>\n\t\t<\/section>\n\t\t\t\t<div class=\"elementor-element elementor-element-9e2280f elementor-widget elementor-widget-spacer\" data-id=\"9e2280f\" data-element_type=\"widget\" data-widget_type=\"spacer.default\">\n\t\t\t\t<div class=\"elementor-widget-container\">\n\t\t\t\t\t<div class=\"elementor-spacer\">\n\t\t\t<div class=\"elementor-spacer-inner\"><\/div>\n\t\t<\/div>\n\t\t\t\t<\/div>\n\t\t\t\t<\/div>\n\t\t\t\t<section class=\"elementor-section elementor-inner-section elementor-element elementor-element-7808677 elementor-section-boxed elementor-section-height-default elementor-section-height-default\" data-id=\"7808677\" data-element_type=\"section\" data-settings=\"{&quot;jet_parallax_layout_list&quot;:[]}\">\n\t\t\t\t\t\t<div class=\"elementor-container elementor-column-gap-default\">\n\t\t\t\t\t<div class=\"elementor-column elementor-col-50 elementor-inner-column elementor-element elementor-element-03273e7\" data-id=\"03273e7\" data-element_type=\"column\">\n\t\t\t<div class=\"elementor-widget-wrap elementor-element-populated\">\n\t\t\t\t\t\t<div class=\"elementor-element elementor-element-a4e032d elementor-widget elementor-widget-image\" data-id=\"a4e032d\" data-element_type=\"widget\" data-widget_type=\"image.default\">\n\t\t\t\t<div class=\"elementor-widget-container\">\n\t\t\t\t\t\t\t\t\t\t\t\t\t<img loading=\"lazy\" decoding=\"async\" width=\"1024\" height=\"1024\" src=\"https:\/\/carhirenerja.com\/wp-content\/uploads\/2025\/05\/Comares-el-balcon-natural-de-la-comarca.jpg\" class=\"attachment-large size-large wp-image-1804\" alt=\"qu\u00e9 ver en la Axarqu\u00eda\" srcset=\"https:\/\/carhirenerja.com\/wp-content\/uploads\/2025\/05\/Comares-el-balcon-natural-de-la-comarca.jpg 1024w, https:\/\/carhirenerja.com\/wp-content\/uploads\/2025\/05\/Comares-el-balcon-natural-de-la-comarca-300x300.jpg 300w, https:\/\/carhirenerja.com\/wp-content\/uploads\/2025\/05\/Comares-el-balcon-natural-de-la-comarca-150x150.jpg 150w, https:\/\/carhirenerja.com\/wp-content\/uploads\/2025\/05\/Comares-el-balcon-natural-de-la-comarca-768x768.jpg 768w\" sizes=\"(max-width: 1024px) 100vw, 1024px\" \/>\t\t\t\t\t\t\t\t\t\t\t\t\t<\/div>\n\t\t\t\t<\/div>\n\t\t\t\t\t<\/div>\n\t\t<\/div>\n\t\t\t\t<div class=\"elementor-column elementor-col-50 elementor-inner-column elementor-element elementor-element-7259639\" data-id=\"7259639\" data-element_type=\"column\">\n\t\t\t<div class=\"elementor-widget-wrap elementor-element-populated\">\n\t\t\t\t\t\t<div class=\"elementor-element elementor-element-c409086 elementor-widget elementor-widget-heading\" data-id=\"c409086\" data-element_type=\"widget\" data-widget_type=\"heading.default\">\n\t\t\t\t<div class=\"elementor-widget-container\">\n\t\t\t<h4 class=\"elementor-heading-title elementor-size-default\">4. Comares, el balc\u00f3n natural de la comarca<\/h4>\t\t<\/div>\n\t\t\t\t<\/div>\n\t\t\t\t<div class=\"elementor-element elementor-element-d097df0 elementor-widget elementor-widget-heading\" data-id=\"d097df0\" data-element_type=\"widget\" data-widget_type=\"heading.default\">\n\t\t\t\t<div class=\"elementor-widget-container\">\n\t\t\t<span class=\"elementor-heading-title elementor-size-default\">Historia \u00e1rabe entre miradores<\/span>\t\t<\/div>\n\t\t\t\t<\/div>\n\t\t\t\t<div class=\"elementor-element elementor-element-b7fabdb elementor-widget elementor-widget-text-editor\" data-id=\"b7fabdb\" data-element_type=\"widget\" data-widget_type=\"text-editor.default\">\n\t\t\t\t<div class=\"elementor-widget-container\">\n\t\t\t\t\t\t\t<p>Comares est\u00e1 situado a m\u00e1s de 700 metros de altitud, con espectaculares vistas panor\u00e1micas y un pasado morisco fascinante.<\/p>\t\t\t\t\t\t<\/div>\n\t\t\t\t<\/div>\n\t\t\t\t<div class=\"elementor-element elementor-element-8cbf47d elementor-widget elementor-widget-heading\" data-id=\"8cbf47d\" data-element_type=\"widget\" data-widget_type=\"heading.default\">\n\t\t\t\t<div class=\"elementor-widget-container\">\n\t\t\t<span class=\"elementor-heading-title elementor-size-default\">Qu\u00e9 ver y hacer en Comares<\/span>\t\t<\/div>\n\t\t\t\t<\/div>\n\t\t\t\t<div class=\"elementor-element elementor-element-d84fb55 elementor-widget elementor-widget-text-editor\" data-id=\"d84fb55\" data-element_type=\"widget\" data-widget_type=\"text-editor.default\">\n\t\t\t\t<div class=\"elementor-widget-container\">\n\t\t\t\t\t\t\t<p>Pasea por sus calles con placas de cer\u00e1mica, visita la Iglesia de Nuestra Se\u00f1ora de la Encarnaci\u00f3n y prueba la tirolina m\u00e1s larga de Espa\u00f1a si buscas adrenalina.<\/p>\t\t\t\t\t\t<\/div>\n\t\t\t\t<\/div>\n\t\t\t\t\t<\/div>\n\t\t<\/div>\n\t\t\t\t\t<\/div>\n\t\t<\/section>\n\t\t\t\t<div class=\"elementor-element elementor-element-40df614 elementor-widget elementor-widget-spacer\" data-id=\"40df614\" data-element_type=\"widget\" data-widget_type=\"spacer.default\">\n\t\t\t\t<div class=\"elementor-widget-container\">\n\t\t\t\t\t<div class=\"elementor-spacer\">\n\t\t\t<div class=\"elementor-spacer-inner\"><\/div>\n\t\t<\/div>\n\t\t\t\t<\/div>\n\t\t\t\t<\/div>\n\t\t\t\t<section class=\"elementor-section elementor-inner-section elementor-element elementor-element-2781d89 elementor-section-boxed elementor-section-height-default elementor-section-height-default\" data-id=\"2781d89\" data-element_type=\"section\" data-settings=\"{&quot;jet_parallax_layout_list&quot;:[]}\">\n\t\t\t\t\t\t<div class=\"elementor-container elementor-column-gap-default\">\n\t\t\t\t\t<div class=\"elementor-column elementor-col-50 elementor-inner-column elementor-element elementor-element-d3a5d5b\" data-id=\"d3a5d5b\" data-element_type=\"column\">\n\t\t\t<div class=\"elementor-widget-wrap elementor-element-populated\">\n\t\t\t\t\t\t<div class=\"elementor-element elementor-element-ad2fb68 elementor-widget elementor-widget-heading\" data-id=\"ad2fb68\" data-element_type=\"widget\" data-widget_type=\"heading.default\">\n\t\t\t\t<div class=\"elementor-widget-container\">\n\t\t\t<h4 class=\"elementor-heading-title elementor-size-default\">5. Ruta de la Pasa: Alm\u00e1char, El Borge y Moclinejo<\/h4>\t\t<\/div>\n\t\t\t\t<\/div>\n\t\t\t\t<div class=\"elementor-element elementor-element-e89059d elementor-widget elementor-widget-heading\" data-id=\"e89059d\" data-element_type=\"widget\" data-widget_type=\"heading.default\">\n\t\t\t\t<div class=\"elementor-widget-container\">\n\t\t\t<span class=\"elementor-heading-title elementor-size-default\">Paisaje, gastronom\u00eda y patrimonio agrario<\/span>\t\t<\/div>\n\t\t\t\t<\/div>\n\t\t\t\t<div class=\"elementor-element elementor-element-d202b61 elementor-widget elementor-widget-text-editor\" data-id=\"d202b61\" data-element_type=\"widget\" data-widget_type=\"text-editor.default\">\n\t\t\t\t<div class=\"elementor-widget-container\">\n\t\t\t\t\t\t\t<p>Estos pueblos conforman la Ruta de la Pasa, dedicada a la producci\u00f3n de uvas moscatel. Sus vi\u00f1edos y secaderos tradicionales han sido reconocidos por la FAO.<\/p>\t\t\t\t\t\t<\/div>\n\t\t\t\t<\/div>\n\t\t\t\t<div class=\"elementor-element elementor-element-826708c elementor-widget elementor-widget-heading\" data-id=\"826708c\" data-element_type=\"widget\" data-widget_type=\"heading.default\">\n\t\t\t\t<div class=\"elementor-widget-container\">\n\t\t\t<span class=\"elementor-heading-title elementor-size-default\">Fiesta del Ajoblanco y m\u00e1s eventos locales<\/span>\t\t<\/div>\n\t\t\t\t<\/div>\n\t\t\t\t<div class=\"elementor-element elementor-element-f7e4f23 elementor-widget elementor-widget-text-editor\" data-id=\"f7e4f23\" data-element_type=\"widget\" data-widget_type=\"text-editor.default\">\n\t\t\t\t<div class=\"elementor-widget-container\">\n\t\t\t\t\t\t\t<p>Cada septiembre, Alm\u00e1char celebra esta fiesta donde el ajoblanco, un plato t\u00edpico, es el gran protagonista. Tambi\u00e9n hay m\u00fasica, vino y artesan\u00eda local.<\/p>\t\t\t\t\t\t<\/div>\n\t\t\t\t<\/div>\n\t\t\t\t\t<\/div>\n\t\t<\/div>\n\t\t\t\t<div class=\"elementor-column elementor-col-50 elementor-inner-column elementor-element elementor-element-42654c3\" data-id=\"42654c3\" data-element_type=\"column\">\n\t\t\t<div class=\"elementor-widget-wrap elementor-element-populated\">\n\t\t\t\t\t\t<div class=\"elementor-element elementor-element-d746577 elementor-widget elementor-widget-image\" data-id=\"d746577\" data-element_type=\"widget\" data-widget_type=\"image.default\">\n\t\t\t\t<div class=\"elementor-widget-container\">\n\t\t\t\t\t\t\t\t\t\t\t\t\t<img loading=\"lazy\" decoding=\"async\" width=\"1024\" height=\"1024\" src=\"https:\/\/carhirenerja.com\/wp-content\/uploads\/2025\/05\/Ruta-de-la-Pasa-Almachar-El-Borge-y-Moclinejo.jpg\" class=\"attachment-large size-large wp-image-1814\" alt=\"qu\u00e9 ver en la Axarqu\u00eda\" srcset=\"https:\/\/carhirenerja.com\/wp-content\/uploads\/2025\/05\/Ruta-de-la-Pasa-Almachar-El-Borge-y-Moclinejo.jpg 1024w, https:\/\/carhirenerja.com\/wp-content\/uploads\/2025\/05\/Ruta-de-la-Pasa-Almachar-El-Borge-y-Moclinejo-300x300.jpg 300w, https:\/\/carhirenerja.com\/wp-content\/uploads\/2025\/05\/Ruta-de-la-Pasa-Almachar-El-Borge-y-Moclinejo-150x150.jpg 150w, https:\/\/carhirenerja.com\/wp-content\/uploads\/2025\/05\/Ruta-de-la-Pasa-Almachar-El-Borge-y-Moclinejo-768x768.jpg 768w\" sizes=\"(max-width: 1024px) 100vw, 1024px\" \/>\t\t\t\t\t\t\t\t\t\t\t\t\t<\/div>\n\t\t\t\t<\/div>\n\t\t\t\t\t<\/div>\n\t\t<\/div>\n\t\t\t\t\t<\/div>\n\t\t<\/section>\n\t\t\t\t<div class=\"elementor-element elementor-element-c696d16 elementor-widget elementor-widget-spacer\" data-id=\"c696d16\" data-element_type=\"widget\" data-widget_type=\"spacer.default\">\n\t\t\t\t<div class=\"elementor-widget-container\">\n\t\t\t\t\t<div class=\"elementor-spacer\">\n\t\t\t<div class=\"elementor-spacer-inner\"><\/div>\n\t\t<\/div>\n\t\t\t\t<\/div>\n\t\t\t\t<\/div>\n\t\t\t\t<section class=\"elementor-section elementor-inner-section elementor-element elementor-element-c83134d elementor-section-boxed elementor-section-height-default elementor-section-height-default\" data-id=\"c83134d\" data-element_type=\"section\" data-settings=\"{&quot;jet_parallax_layout_list&quot;:[]}\">\n\t\t\t\t\t\t<div class=\"elementor-container elementor-column-gap-default\">\n\t\t\t\t\t<div class=\"elementor-column elementor-col-50 elementor-inner-column elementor-element elementor-element-d04b334\" data-id=\"d04b334\" data-element_type=\"column\">\n\t\t\t<div class=\"elementor-widget-wrap elementor-element-populated\">\n\t\t\t\t\t\t<div class=\"elementor-element elementor-element-054fdbd elementor-widget elementor-widget-image\" data-id=\"054fdbd\" data-element_type=\"widget\" data-widget_type=\"image.default\">\n\t\t\t\t<div class=\"elementor-widget-container\">\n\t\t\t\t\t\t\t\t\t\t\t\t\t<img loading=\"lazy\" decoding=\"async\" width=\"1024\" height=\"1024\" src=\"https:\/\/carhirenerja.com\/wp-content\/uploads\/2025\/05\/Torre-del-Mar-sol-mar-y-espetos.jpg\" class=\"attachment-large size-large wp-image-1818\" alt=\"qu\u00e9 ver en la Axarqu\u00eda\" srcset=\"https:\/\/carhirenerja.com\/wp-content\/uploads\/2025\/05\/Torre-del-Mar-sol-mar-y-espetos.jpg 1024w, https:\/\/carhirenerja.com\/wp-content\/uploads\/2025\/05\/Torre-del-Mar-sol-mar-y-espetos-300x300.jpg 300w, https:\/\/carhirenerja.com\/wp-content\/uploads\/2025\/05\/Torre-del-Mar-sol-mar-y-espetos-150x150.jpg 150w, https:\/\/carhirenerja.com\/wp-content\/uploads\/2025\/05\/Torre-del-Mar-sol-mar-y-espetos-768x768.jpg 768w\" sizes=\"(max-width: 1024px) 100vw, 1024px\" \/>\t\t\t\t\t\t\t\t\t\t\t\t\t<\/div>\n\t\t\t\t<\/div>\n\t\t\t\t\t<\/div>\n\t\t<\/div>\n\t\t\t\t<div class=\"elementor-column elementor-col-50 elementor-inner-column elementor-element elementor-element-eb8b6d4\" data-id=\"eb8b6d4\" data-element_type=\"column\">\n\t\t\t<div class=\"elementor-widget-wrap elementor-element-populated\">\n\t\t\t\t\t\t<div class=\"elementor-element elementor-element-4077991 elementor-widget elementor-widget-heading\" data-id=\"4077991\" data-element_type=\"widget\" data-widget_type=\"heading.default\">\n\t\t\t\t<div class=\"elementor-widget-container\">\n\t\t\t<h4 class=\"elementor-heading-title elementor-size-default\">6. Torre del Mar: sol, mar y espetos<\/h4>\t\t<\/div>\n\t\t\t\t<\/div>\n\t\t\t\t<div class=\"elementor-element elementor-element-7f1a342 elementor-widget elementor-widget-heading\" data-id=\"7f1a342\" data-element_type=\"widget\" data-widget_type=\"heading.default\">\n\t\t\t\t<div class=\"elementor-widget-container\">\n\t\t\t<span class=\"elementor-heading-title elementor-size-default\">El paseo mar\u00edtimo m\u00e1s largo de la Axarqu\u00eda<\/span>\t\t<\/div>\n\t\t\t\t<\/div>\n\t\t\t\t<div class=\"elementor-element elementor-element-8aa8364 elementor-widget elementor-widget-text-editor\" data-id=\"8aa8364\" data-element_type=\"widget\" data-widget_type=\"text-editor.default\">\n\t\t\t\t<div class=\"elementor-widget-container\">\n\t\t\t\t\t\t\t<p>Torre del Mar es una excelente opci\u00f3n para disfrutar del mar en familia. Su paseo mar\u00edtimo est\u00e1 lleno de vida, y sus playas son amplias y limpias.<\/p>\t\t\t\t\t\t<\/div>\n\t\t\t\t<\/div>\n\t\t\t\t<div class=\"elementor-element elementor-element-ee031c7 elementor-widget elementor-widget-heading\" data-id=\"ee031c7\" data-element_type=\"widget\" data-widget_type=\"heading.default\">\n\t\t\t\t<div class=\"elementor-widget-container\">\n\t\t\t<span class=\"elementor-heading-title elementor-size-default\">Actividades recomendadas para familias\n<\/span>\t\t<\/div>\n\t\t\t\t<\/div>\n\t\t\t\t<div class=\"elementor-element elementor-element-0455d91 elementor-widget elementor-widget-text-editor\" data-id=\"0455d91\" data-element_type=\"widget\" data-widget_type=\"text-editor.default\">\n\t\t\t\t<div class=\"elementor-widget-container\">\n\t\t\t\t\t\t\t<p>Disfruta de un espeto de sardinas frente al mar, alquila bicicletas o visita el parque acu\u00e1tico Aquavelis en verano.<\/p>\t\t\t\t\t\t<\/div>\n\t\t\t\t<\/div>\n\t\t\t\t\t<\/div>\n\t\t<\/div>\n\t\t\t\t\t<\/div>\n\t\t<\/section>\n\t\t\t\t<div class=\"elementor-element elementor-element-df4a8e8 elementor-widget elementor-widget-spacer\" data-id=\"df4a8e8\" data-element_type=\"widget\" data-widget_type=\"spacer.default\">\n\t\t\t\t<div class=\"elementor-widget-container\">\n\t\t\t\t\t<div class=\"elementor-spacer\">\n\t\t\t<div class=\"elementor-spacer-inner\"><\/div>\n\t\t<\/div>\n\t\t\t\t<\/div>\n\t\t\t\t<\/div>\n\t\t\t\t<section class=\"elementor-section elementor-inner-section elementor-element elementor-element-656cbc2 elementor-section-boxed elementor-section-height-default elementor-section-height-default\" data-id=\"656cbc2\" data-element_type=\"section\" data-settings=\"{&quot;jet_parallax_layout_list&quot;:[]}\">\n\t\t\t\t\t\t<div class=\"elementor-container elementor-column-gap-default\">\n\t\t\t\t\t<div class=\"elementor-column elementor-col-50 elementor-inner-column elementor-element elementor-element-f929361\" data-id=\"f929361\" data-element_type=\"column\">\n\t\t\t<div class=\"elementor-widget-wrap elementor-element-populated\">\n\t\t\t\t\t\t<div class=\"elementor-element elementor-element-1ba87a3 elementor-widget elementor-widget-heading\" data-id=\"1ba87a3\" data-element_type=\"widget\" data-widget_type=\"heading.default\">\n\t\t\t\t<div class=\"elementor-widget-container\">\n\t\t\t<h4 class=\"elementor-heading-title elementor-size-default\">7. V\u00e9lez-M\u00e1laga: historia y arte en el coraz\u00f3n de la comarca<\/h4>\t\t<\/div>\n\t\t\t\t<\/div>\n\t\t\t\t<div class=\"elementor-element elementor-element-abe8a8a elementor-widget elementor-widget-heading\" data-id=\"abe8a8a\" data-element_type=\"widget\" data-widget_type=\"heading.default\">\n\t\t\t\t<div class=\"elementor-widget-container\">\n\t\t\t<span class=\"elementor-heading-title elementor-size-default\">Monumentos y museos que visitar<\/span>\t\t<\/div>\n\t\t\t\t<\/div>\n\t\t\t\t<div class=\"elementor-element elementor-element-3c3acc8 elementor-widget elementor-widget-text-editor\" data-id=\"3c3acc8\" data-element_type=\"widget\" data-widget_type=\"text-editor.default\">\n\t\t\t\t<div class=\"elementor-widget-container\">\n\t\t\t\t\t\t\t<p>Capital de la Axarqu\u00eda, esta ciudad ofrece una rica mezcla de patrimonio hist\u00f3rico, arte religioso y tradiciones.<\/p>\t\t\t\t\t\t<\/div>\n\t\t\t\t<\/div>\n\t\t\t\t<div class=\"elementor-element elementor-element-e6f1ada elementor-widget elementor-widget-heading\" data-id=\"e6f1ada\" data-element_type=\"widget\" data-widget_type=\"heading.default\">\n\t\t\t\t<div class=\"elementor-widget-container\">\n\t\t\t<span class=\"elementor-heading-title elementor-size-default\">Ruta cultural por su casco antiguo<\/span>\t\t<\/div>\n\t\t\t\t<\/div>\n\t\t\t\t<div class=\"elementor-element elementor-element-c0dfa32 elementor-widget elementor-widget-text-editor\" data-id=\"c0dfa32\" data-element_type=\"widget\" data-widget_type=\"text-editor.default\">\n\t\t\t\t<div class=\"elementor-widget-container\">\n\t\t\t\t\t\t\t<p>Incluye la Fortaleza \u00e1rabe, la iglesia de Santa Mar\u00eda y el Centro de Arte Contempor\u00e1neo Francisco Hern\u00e1ndez.<\/p>\t\t\t\t\t\t<\/div>\n\t\t\t\t<\/div>\n\t\t\t\t\t<\/div>\n\t\t<\/div>\n\t\t\t\t<div class=\"elementor-column elementor-col-50 elementor-inner-column elementor-element elementor-element-e687ade\" data-id=\"e687ade\" data-element_type=\"column\">\n\t\t\t<div class=\"elementor-widget-wrap elementor-element-populated\">\n\t\t\t\t\t\t<div class=\"elementor-element elementor-element-84d3622 elementor-widget elementor-widget-image\" data-id=\"84d3622\" data-element_type=\"widget\" data-widget_type=\"image.default\">\n\t\t\t\t<div class=\"elementor-widget-container\">\n\t\t\t\t\t\t\t\t\t\t\t\t\t<img loading=\"lazy\" decoding=\"async\" width=\"1024\" height=\"1024\" src=\"https:\/\/carhirenerja.com\/wp-content\/uploads\/2025\/05\/Velez-Malaga-historia-y-arte-en-el-corazon-de-la-comarca.jpg\" class=\"attachment-large size-large wp-image-1820\" alt=\"qu\u00e9 ver en la Axarqu\u00eda\" srcset=\"https:\/\/carhirenerja.com\/wp-content\/uploads\/2025\/05\/Velez-Malaga-historia-y-arte-en-el-corazon-de-la-comarca.jpg 1024w, https:\/\/carhirenerja.com\/wp-content\/uploads\/2025\/05\/Velez-Malaga-historia-y-arte-en-el-corazon-de-la-comarca-300x300.jpg 300w, https:\/\/carhirenerja.com\/wp-content\/uploads\/2025\/05\/Velez-Malaga-historia-y-arte-en-el-corazon-de-la-comarca-150x150.jpg 150w, https:\/\/carhirenerja.com\/wp-content\/uploads\/2025\/05\/Velez-Malaga-historia-y-arte-en-el-corazon-de-la-comarca-768x768.jpg 768w\" sizes=\"(max-width: 1024px) 100vw, 1024px\" \/>\t\t\t\t\t\t\t\t\t\t\t\t\t<\/div>\n\t\t\t\t<\/div>\n\t\t\t\t\t<\/div>\n\t\t<\/div>\n\t\t\t\t\t<\/div>\n\t\t<\/section>\n\t\t\t\t<div class=\"elementor-element elementor-element-9f8baf1 elementor-widget elementor-widget-spacer\" data-id=\"9f8baf1\" data-element_type=\"widget\" data-widget_type=\"spacer.default\">\n\t\t\t\t<div class=\"elementor-widget-container\">\n\t\t\t\t\t<div class=\"elementor-spacer\">\n\t\t\t<div class=\"elementor-spacer-inner\"><\/div>\n\t\t<\/div>\n\t\t\t\t<\/div>\n\t\t\t\t<\/div>\n\t\t\t\t<section class=\"elementor-section elementor-inner-section elementor-element elementor-element-c6b047f elementor-section-boxed elementor-section-height-default elementor-section-height-default\" data-id=\"c6b047f\" data-element_type=\"section\" data-settings=\"{&quot;jet_parallax_layout_list&quot;:[]}\">\n\t\t\t\t\t\t<div class=\"elementor-container elementor-column-gap-default\">\n\t\t\t\t\t<div class=\"elementor-column elementor-col-50 elementor-inner-column elementor-element elementor-element-dfed2e1\" data-id=\"dfed2e1\" data-element_type=\"column\">\n\t\t\t<div class=\"elementor-widget-wrap elementor-element-populated\">\n\t\t\t\t\t\t<div class=\"elementor-element elementor-element-b2ff802 elementor-widget elementor-widget-image\" data-id=\"b2ff802\" data-element_type=\"widget\" data-widget_type=\"image.default\">\n\t\t\t\t<div class=\"elementor-widget-container\">\n\t\t\t\t\t\t\t\t\t\t\t\t\t<img loading=\"lazy\" decoding=\"async\" width=\"1024\" height=\"1024\" src=\"https:\/\/carhirenerja.com\/wp-content\/uploads\/2025\/05\/Embalse-de-La-Vinuela-y-turismo-activo.jpg\" class=\"attachment-large size-large wp-image-1808\" alt=\"\" srcset=\"https:\/\/carhirenerja.com\/wp-content\/uploads\/2025\/05\/Embalse-de-La-Vinuela-y-turismo-activo.jpg 1024w, https:\/\/carhirenerja.com\/wp-content\/uploads\/2025\/05\/Embalse-de-La-Vinuela-y-turismo-activo-300x300.jpg 300w, https:\/\/carhirenerja.com\/wp-content\/uploads\/2025\/05\/Embalse-de-La-Vinuela-y-turismo-activo-150x150.jpg 150w, https:\/\/carhirenerja.com\/wp-content\/uploads\/2025\/05\/Embalse-de-La-Vinuela-y-turismo-activo-768x768.jpg 768w\" sizes=\"(max-width: 1024px) 100vw, 1024px\" \/>\t\t\t\t\t\t\t\t\t\t\t\t\t<\/div>\n\t\t\t\t<\/div>\n\t\t\t\t\t<\/div>\n\t\t<\/div>\n\t\t\t\t<div class=\"elementor-column elementor-col-50 elementor-inner-column elementor-element elementor-element-54a3c40\" data-id=\"54a3c40\" data-element_type=\"column\">\n\t\t\t<div class=\"elementor-widget-wrap elementor-element-populated\">\n\t\t\t\t\t\t<div class=\"elementor-element elementor-element-ed42686 elementor-widget elementor-widget-heading\" data-id=\"ed42686\" data-element_type=\"widget\" data-widget_type=\"heading.default\">\n\t\t\t\t<div class=\"elementor-widget-container\">\n\t\t\t<h4 class=\"elementor-heading-title elementor-size-default\">8. Embalse de La Vi\u00f1uela y turismo activo<\/h4>\t\t<\/div>\n\t\t\t\t<\/div>\n\t\t\t\t<div class=\"elementor-element elementor-element-d7192f5 elementor-widget elementor-widget-heading\" data-id=\"d7192f5\" data-element_type=\"widget\" data-widget_type=\"heading.default\">\n\t\t\t\t<div class=\"elementor-widget-container\">\n\t\t\t<span class=\"elementor-heading-title elementor-size-default\">Naturaleza, deportes y relax<\/span>\t\t<\/div>\n\t\t\t\t<\/div>\n\t\t\t\t<div class=\"elementor-element elementor-element-e38cf8c elementor-widget elementor-widget-text-editor\" data-id=\"e38cf8c\" data-element_type=\"widget\" data-widget_type=\"text-editor.default\">\n\t\t\t\t<div class=\"elementor-widget-container\">\n\t\t\t\t\t\t\t<p>Situado en el interior de la comarca, este embalse ofrece la posibilidad de hacer pirag\u00fcismo, rutas en bici o picnic con vistas a las monta\u00f1as.<\/p>\t\t\t\t\t\t<\/div>\n\t\t\t\t<\/div>\n\t\t\t\t<div class=\"elementor-element elementor-element-a219264 elementor-widget elementor-widget-heading\" data-id=\"a219264\" data-element_type=\"widget\" data-widget_type=\"heading.default\">\n\t\t\t\t<div class=\"elementor-widget-container\">\n\t\t\t<span class=\"elementor-heading-title elementor-size-default\">\u00c1reas recreativas y actividades acu\u00e1ticas<\/span>\t\t<\/div>\n\t\t\t\t<\/div>\n\t\t\t\t<div class=\"elementor-element elementor-element-7d79800 elementor-widget elementor-widget-text-editor\" data-id=\"7d79800\" data-element_type=\"widget\" data-widget_type=\"text-editor.default\">\n\t\t\t\t<div class=\"elementor-widget-container\">\n\t\t\t\t\t\t\t<p>Cuenta con merenderos, alojamientos rurales y zonas habilitadas para el ba\u00f1o (seg\u00fan temporada).<\/p>\t\t\t\t\t\t<\/div>\n\t\t\t\t<\/div>\n\t\t\t\t\t<\/div>\n\t\t<\/div>\n\t\t\t\t\t<\/div>\n\t\t<\/section>\n\t\t\t\t<div class=\"elementor-element elementor-element-2b7e13f elementor-widget elementor-widget-spacer\" data-id=\"2b7e13f\" data-element_type=\"widget\" data-widget_type=\"spacer.default\">\n\t\t\t\t<div class=\"elementor-widget-container\">\n\t\t\t\t\t<div class=\"elementor-spacer\">\n\t\t\t<div class=\"elementor-spacer-inner\"><\/div>\n\t\t<\/div>\n\t\t\t\t<\/div>\n\t\t\t\t<\/div>\n\t\t\t\t<section class=\"elementor-section elementor-inner-section elementor-element elementor-element-a27293b elementor-section-boxed elementor-section-height-default elementor-section-height-default\" data-id=\"a27293b\" data-element_type=\"section\" data-settings=\"{&quot;jet_parallax_layout_list&quot;:[]}\">\n\t\t\t\t\t\t<div class=\"elementor-container elementor-column-gap-default\">\n\t\t\t\t\t<div class=\"elementor-column elementor-col-50 elementor-inner-column elementor-element elementor-element-ccfadce\" data-id=\"ccfadce\" data-element_type=\"column\">\n\t\t\t<div class=\"elementor-widget-wrap elementor-element-populated\">\n\t\t\t\t\t\t<div class=\"elementor-element elementor-element-852bf9b elementor-widget elementor-widget-heading\" data-id=\"852bf9b\" data-element_type=\"widget\" data-widget_type=\"heading.default\">\n\t\t\t\t<div class=\"elementor-widget-container\">\n\t\t\t<h4 class=\"elementor-heading-title elementor-size-default\">9. Acantilados de Maro-Cerro Gordo<\/h4>\t\t<\/div>\n\t\t\t\t<\/div>\n\t\t\t\t<div class=\"elementor-element elementor-element-3789ba5 elementor-widget elementor-widget-heading\" data-id=\"3789ba5\" data-element_type=\"widget\" data-widget_type=\"heading.default\">\n\t\t\t\t<div class=\"elementor-widget-container\">\n\t\t\t<span class=\"elementor-heading-title elementor-size-default\">Playas salvajes y senderismo con vistas<\/span>\t\t<\/div>\n\t\t\t\t<\/div>\n\t\t\t\t<div class=\"elementor-element elementor-element-211d93f elementor-widget elementor-widget-text-editor\" data-id=\"211d93f\" data-element_type=\"widget\" data-widget_type=\"text-editor.default\">\n\t\t\t\t<div class=\"elementor-widget-container\">\n\t\t\t\t\t\t\t<p>Esta zona protegida entre Nerja y Almu\u00f1\u00e9car est\u00e1 formada por calas escondidas de aguas cristalinas, acantilados y rutas naturales con vistas al mar.<\/p>\t\t\t\t\t\t<\/div>\n\t\t\t\t<\/div>\n\t\t\t\t<div class=\"elementor-element elementor-element-269a19d elementor-widget elementor-widget-heading\" data-id=\"269a19d\" data-element_type=\"widget\" data-widget_type=\"heading.default\">\n\t\t\t\t<div class=\"elementor-widget-container\">\n\t\t\t<span class=\"elementor-heading-title elementor-size-default\">C\u00f3mo acceder a las mejores calas<\/span>\t\t<\/div>\n\t\t\t\t<\/div>\n\t\t\t\t<div class=\"elementor-element elementor-element-06b36f7 elementor-widget elementor-widget-text-editor\" data-id=\"06b36f7\" data-element_type=\"widget\" data-widget_type=\"text-editor.default\">\n\t\t\t\t<div class=\"elementor-widget-container\">\n\t\t\t\t\t\t\t<p>Algunas solo se alcanzan caminando o en kayak. Se recomienda llevar calzado adecuado y evitar dejar basura en la zona.<\/p>\t\t\t\t\t\t<\/div>\n\t\t\t\t<\/div>\n\t\t\t\t\t<\/div>\n\t\t<\/div>\n\t\t\t\t<div class=\"elementor-column elementor-col-50 elementor-inner-column elementor-element elementor-element-d2a06f8\" data-id=\"d2a06f8\" data-element_type=\"column\">\n\t\t\t<div class=\"elementor-widget-wrap elementor-element-populated\">\n\t\t\t\t\t\t<div class=\"elementor-element elementor-element-c37e16b elementor-widget elementor-widget-image\" data-id=\"c37e16b\" data-element_type=\"widget\" data-widget_type=\"image.default\">\n\t\t\t\t<div class=\"elementor-widget-container\">\n\t\t\t\t\t\t\t\t\t\t\t\t\t<img loading=\"lazy\" decoding=\"async\" width=\"1024\" height=\"1024\" src=\"https:\/\/carhirenerja.com\/wp-content\/uploads\/2025\/05\/Acantilados-de-Maro-Cerro-Gordo.jpg\" class=\"attachment-large size-large wp-image-1802\" alt=\"\" srcset=\"https:\/\/carhirenerja.com\/wp-content\/uploads\/2025\/05\/Acantilados-de-Maro-Cerro-Gordo.jpg 1024w, https:\/\/carhirenerja.com\/wp-content\/uploads\/2025\/05\/Acantilados-de-Maro-Cerro-Gordo-300x300.jpg 300w, https:\/\/carhirenerja.com\/wp-content\/uploads\/2025\/05\/Acantilados-de-Maro-Cerro-Gordo-150x150.jpg 150w, https:\/\/carhirenerja.com\/wp-content\/uploads\/2025\/05\/Acantilados-de-Maro-Cerro-Gordo-768x768.jpg 768w\" sizes=\"(max-width: 1024px) 100vw, 1024px\" \/>\t\t\t\t\t\t\t\t\t\t\t\t\t<\/div>\n\t\t\t\t<\/div>\n\t\t\t\t\t<\/div>\n\t\t<\/div>\n\t\t\t\t\t<\/div>\n\t\t<\/section>\n\t\t\t\t<div class=\"elementor-element elementor-element-961c611 elementor-widget elementor-widget-spacer\" data-id=\"961c611\" data-element_type=\"widget\" data-widget_type=\"spacer.default\">\n\t\t\t\t<div class=\"elementor-widget-container\">\n\t\t\t\t\t<div class=\"elementor-spacer\">\n\t\t\t<div class=\"elementor-spacer-inner\"><\/div>\n\t\t<\/div>\n\t\t\t\t<\/div>\n\t\t\t\t<\/div>\n\t\t\t\t<section class=\"elementor-section elementor-inner-section elementor-element elementor-element-543303c elementor-section-boxed elementor-section-height-default elementor-section-height-default\" data-id=\"543303c\" data-element_type=\"section\" data-settings=\"{&quot;jet_parallax_layout_list&quot;:[]}\">\n\t\t\t\t\t\t<div class=\"elementor-container elementor-column-gap-default\">\n\t\t\t\t\t<div class=\"elementor-column elementor-col-50 elementor-inner-column elementor-element elementor-element-642c2d3\" data-id=\"642c2d3\" data-element_type=\"column\">\n\t\t\t<div class=\"elementor-widget-wrap elementor-element-populated\">\n\t\t\t\t\t\t<div class=\"elementor-element elementor-element-99eeeb3 elementor-widget elementor-widget-image\" data-id=\"99eeeb3\" data-element_type=\"widget\" data-widget_type=\"image.default\">\n\t\t\t\t<div class=\"elementor-widget-container\">\n\t\t\t\t\t\t\t\t\t\t\t\t\t<img loading=\"lazy\" decoding=\"async\" width=\"1024\" height=\"1024\" src=\"https:\/\/carhirenerja.com\/wp-content\/uploads\/2025\/05\/Competa-y-sus-vinos-moscatel.jpg\" class=\"attachment-large size-large wp-image-1806\" alt=\"\" srcset=\"https:\/\/carhirenerja.com\/wp-content\/uploads\/2025\/05\/Competa-y-sus-vinos-moscatel.jpg 1024w, https:\/\/carhirenerja.com\/wp-content\/uploads\/2025\/05\/Competa-y-sus-vinos-moscatel-300x300.jpg 300w, https:\/\/carhirenerja.com\/wp-content\/uploads\/2025\/05\/Competa-y-sus-vinos-moscatel-150x150.jpg 150w, https:\/\/carhirenerja.com\/wp-content\/uploads\/2025\/05\/Competa-y-sus-vinos-moscatel-768x768.jpg 768w\" sizes=\"(max-width: 1024px) 100vw, 1024px\" \/>\t\t\t\t\t\t\t\t\t\t\t\t\t<\/div>\n\t\t\t\t<\/div>\n\t\t\t\t\t<\/div>\n\t\t<\/div>\n\t\t\t\t<div class=\"elementor-column elementor-col-50 elementor-inner-column elementor-element elementor-element-a318093\" data-id=\"a318093\" data-element_type=\"column\">\n\t\t\t<div class=\"elementor-widget-wrap elementor-element-populated\">\n\t\t\t\t\t\t<div class=\"elementor-element elementor-element-a312022 elementor-widget elementor-widget-heading\" data-id=\"a312022\" data-element_type=\"widget\" data-widget_type=\"heading.default\">\n\t\t\t\t<div class=\"elementor-widget-container\">\n\t\t\t<h4 class=\"elementor-heading-title elementor-size-default\">10. C\u00f3mpeta y sus vinos moscatel<\/h4>\t\t<\/div>\n\t\t\t\t<\/div>\n\t\t\t\t<div class=\"elementor-element elementor-element-bf71933 elementor-widget elementor-widget-heading\" data-id=\"bf71933\" data-element_type=\"widget\" data-widget_type=\"heading.default\">\n\t\t\t\t<div class=\"elementor-widget-container\">\n\t\t\t<span class=\"elementor-heading-title elementor-size-default\">Noche del Vino y bodegas locales<\/span>\t\t<\/div>\n\t\t\t\t<\/div>\n\t\t\t\t<div class=\"elementor-element elementor-element-4d76dfe elementor-widget elementor-widget-text-editor\" data-id=\"4d76dfe\" data-element_type=\"widget\" data-widget_type=\"text-editor.default\">\n\t\t\t\t<div class=\"elementor-widget-container\">\n\t\t\t\t\t\t\t<p>Cada 15 de agosto se celebra una fiesta declarada de Inter\u00e9s Tur\u00edstico. M\u00fasica, vino y tradiciones se mezclan en una noche inolvidable.<\/p>\t\t\t\t\t\t<\/div>\n\t\t\t\t<\/div>\n\t\t\t\t<div class=\"elementor-element elementor-element-684c839 elementor-widget elementor-widget-heading\" data-id=\"684c839\" data-element_type=\"widget\" data-widget_type=\"heading.default\">\n\t\t\t\t<div class=\"elementor-widget-container\">\n\t\t\t<span class=\"elementor-heading-title elementor-size-default\">Qu\u00e9 ver en C\u00f3mpeta adem\u00e1s del vino<\/span>\t\t<\/div>\n\t\t\t\t<\/div>\n\t\t\t\t<div class=\"elementor-element elementor-element-692dea5 elementor-widget elementor-widget-text-editor\" data-id=\"692dea5\" data-element_type=\"widget\" data-widget_type=\"text-editor.default\">\n\t\t\t\t<div class=\"elementor-widget-container\">\n\t\t\t\t\t\t\t<p>La iglesia de La Asunci\u00f3n, la plaza Almijara y su ambiente monta\u00f1\u00e9s son perfectos para cerrar el viaje con buen sabor de boca.<\/p>\t\t\t\t\t\t<\/div>\n\t\t\t\t<\/div>\n\t\t\t\t\t<\/div>\n\t\t<\/div>\n\t\t\t\t\t<\/div>\n\t\t<\/section>\n\t\t\t\t<div class=\"elementor-element elementor-element-d0ba2df elementor-widget elementor-widget-spacer\" data-id=\"d0ba2df\" data-element_type=\"widget\" data-widget_type=\"spacer.default\">\n\t\t\t\t<div class=\"elementor-widget-container\">\n\t\t\t\t\t<div class=\"elementor-spacer\">\n\t\t\t<div class=\"elementor-spacer-inner\"><\/div>\n\t\t<\/div>\n\t\t\t\t<\/div>\n\t\t\t\t<\/div>\n\t\t\t\t<div class=\"elementor-element elementor-element-9c699b5 elementor-widget elementor-widget-heading\" data-id=\"9c699b5\" data-element_type=\"widget\" data-widget_type=\"heading.default\">\n\t\t\t\t<div class=\"elementor-widget-container\">\n\t\t\t<h4 class=\"elementor-heading-title elementor-size-default\">Consejos para planificar tu ruta por la Axarqu\u00eda<\/h4>\t\t<\/div>\n\t\t\t\t<\/div>\n\t\t\t\t<div class=\"elementor-element elementor-element-9d48ea5 elementor-widget elementor-widget-heading\" data-id=\"9d48ea5\" data-element_type=\"widget\" data-widget_type=\"heading.default\">\n\t\t\t\t<div class=\"elementor-widget-container\">\n\t\t\t<h5 class=\"elementor-heading-title elementor-size-default\">Mejor \u00e9poca, alojamiento y transporte<\/h5>\t\t<\/div>\n\t\t\t\t<\/div>\n\t\t\t\t<div class=\"elementor-element elementor-element-b384a99 elementor-widget elementor-widget-text-editor\" data-id=\"b384a99\" data-element_type=\"widget\" data-widget_type=\"text-editor.default\">\n\t\t\t\t<div class=\"elementor-widget-container\">\n\t\t\t\t\t\t\t<ul><li data-start=\"6225\" data-end=\"6282\"><p><strong>Cu\u00e1ndo ir:<\/strong> primavera y oto\u00f1o son las mejores \u00e9pocas por clima y tranquilidad.<\/p><\/li><li data-start=\"6283\" data-end=\"6360\"><p data-start=\"6285\" data-end=\"6360\"><strong data-start=\"6285\" data-end=\"6301\">Alojamiento:<\/strong> casas rurales, hoteles boutique o apartamentos tur\u00edsticos.<\/p><\/li><li data-start=\"6361\" data-end=\"6446\"><p data-start=\"6363\" data-end=\"6446\"><strong>C\u00f3mo moverse:<\/strong> lo m\u00e1s c\u00f3modo es <a href=\"https:\/\/carhirenerja.com\/es\/\"><strong>alquilar un coche<\/strong><\/a>. Si llegas a la zona oriental de M\u00e1laga, puedes contar con Car Hire Nerja para conseguir un coche de alquiler en Nerja de forma r\u00e1pida, sencilla y con trato local.<\/p><\/li><\/ul>\t\t\t\t\t\t<\/div>\n\t\t\t\t<\/div>\n\t\t\t\t<div class=\"elementor-element elementor-element-8db5c20 elementor-widget elementor-widget-heading\" data-id=\"8db5c20\" data-element_type=\"widget\" data-widget_type=\"heading.default\">\n\t\t\t\t<div class=\"elementor-widget-container\">\n\t\t\t<h6 class=\"elementor-heading-title elementor-size-default\">La Axarqu\u00eda es m\u00e1s que sol y playa<\/h6>\t\t<\/div>\n\t\t\t\t<\/div>\n\t\t\t\t<div class=\"elementor-element elementor-element-71151c0 elementor-widget elementor-widget-text-editor\" data-id=\"71151c0\" data-element_type=\"widget\" data-widget_type=\"text-editor.default\">\n\t\t\t\t<div class=\"elementor-widget-container\">\n\t\t\t\t\t\t\tEste rinc\u00f3n de M\u00e1laga es perfecto para quienes buscan algo m\u00e1s que turismo de masas. Desde pueblos con encanto hasta paisajes naturales \u00fanicos, la Axarqu\u00eda merece un lugar especial en tu lista de viajes.\n\t\t\t\t\t\t<\/div>\n\t\t\t\t<\/div>\n\t\t\t\t\t<\/div>\n\t\t<\/div>\n\t\t\t\t\t<\/div>\n\t\t<\/section>\n\t\t\t\t<\/div>\n\t\t","protected":false},"excerpt":{"rendered":"<p>Qu\u00e9 ver en la Axarqu\u00eda es una pregunta que se contesta sola en cuanto uno comienza a explorar esta joya [&hellip;]<\/p>\n","protected":false},"author":1,"featured_media":1844,"comment_status":"closed","ping_status":"closed","sticky":false,"template":"","format":"standard","meta":{"site-sidebar-layout":"default","site-content-layout":"","ast-site-content-layout":"default","site-content-style":"default","site-sidebar-style":"default","ast-global-header-display":"","ast-banner-title-visibility":"","ast-main-header-display":"","ast-hfb-above-header-display":"","ast-hfb-below-header-display":"","ast-hfb-mobile-header-display":"","site-post-title":"","ast-breadcrumbs-content":"","ast-featured-img":"","footer-sml-layout":"","theme-transparent-header-meta":"default","adv-header-id-meta":"","stick-header-meta":"","header-above-stick-meta":"","header-main-stick-meta":"","header-below-stick-meta":"","astra-migrate-meta-layouts":"set","ast-page-background-enabled":"default","ast-page-background-meta":{"desktop":{"background-color":"var(--ast-global-color-4)","background-image":"","background-repeat":"repeat","background-position":"center center","background-size":"auto","background-attachment":"scroll","background-type":"","background-media":"","overlay-type":"","overlay-color":"","overlay-gradient":""},"tablet":{"background-color":"","background-image":"","background-repeat":"repeat","background-position":"center center","background-size":"auto","background-attachment":"scroll","background-type":"","background-media":"","overlay-type":"","overlay-color":"","overlay-gradient":""},"mobile":{"background-color":"","background-image":"","background-repeat":"repeat","background-position":"center center","background-size":"auto","background-attachment":"scroll","background-type":"","background-media":"","overlay-type":"","overlay-color":"","overlay-gradient":""}},"ast-content-background-meta":{"desktop":{"background-color":"var(--ast-global-color-5)","background-image":"","background-repeat":"repeat","background-position":"center center","background-size":"auto","background-attachment":"scroll","background-type":"","background-media":"","overlay-type":"","overlay-color":"","overlay-gradient":""},"tablet":{"background-color":"var(--ast-global-color-5)","background-image":"","background-repeat":"repeat","background-position":"center center","background-size":"auto","background-attachment":"scroll","background-type":"","background-media":"","overlay-type":"","overlay-color":"","overlay-gradient":""},"mobile":{"background-color":"var(--ast-global-color-5)","background-image":"","background-repeat":"repeat","background-position":"center center","background-size":"auto","background-attachment":"scroll","background-type":"","background-media":"","overlay-type":"","overlay-color":"","overlay-gradient":""}},"_joinchat":[],"footnotes":""},"categories":[6],"tags":[],"class_list":["post-1797","post","type-post","status-publish","format-standard","has-post-thumbnail","hentry","category-blog"],"yoast_head":"<!-- This site is optimized with the Yoast SEO plugin v25.8 - https:\/\/yoast.com\/wordpress\/plugins\/seo\/ -->\n<title>Qu\u00e9 ver en la Axarqu\u00eda: Top 10 lugares imprescindibles - Car Hire Nerja<\/title>\n<meta name=\"description\" content=\"Qu\u00e9 ver en la Axarqu\u00eda es una pregunta que se contesta sola en cuanto uno comienza a explorar esta joya al este de la provincia de M\u00e1laga.\" \/>\n<meta name=\"robots\" content=\"index, follow, max-snippet:-1, max-image-preview:large, max-video-preview:-1\" \/>\n<link rel=\"canonical\" href=\"https:\/\/carhirenerja.com\/es\/que-ver-en-la-axarquia-top-10-lugares-imprescindibles\/\" \/>\n<meta property=\"og:locale\" content=\"es_ES\" \/>\n<meta property=\"og:type\" content=\"article\" \/>\n<meta property=\"og:title\" content=\"Qu\u00e9 ver en la Axarqu\u00eda: Top 10 lugares imprescindibles - Car Hire Nerja\" \/>\n<meta property=\"og:description\" content=\"Qu\u00e9 ver en la Axarqu\u00eda es una pregunta que se contesta sola en cuanto uno comienza a explorar esta joya al este de la provincia de M\u00e1laga.\" \/>\n<meta property=\"og:url\" content=\"https:\/\/carhirenerja.com\/es\/que-ver-en-la-axarquia-top-10-lugares-imprescindibles\/\" \/>\n<meta property=\"og:site_name\" content=\"Car Hire Nerja\" \/>\n<meta property=\"article:publisher\" content=\"https:\/\/www.facebook.com\/lessaggrocars\" \/>\n<meta property=\"article:published_time\" content=\"2025-05-07T08:06:42+00:00\" \/>\n<meta property=\"article:modified_time\" content=\"2025-05-07T14:51:23+00:00\" \/>\n<meta property=\"og:image\" content=\"https:\/\/carhirenerja.com\/wp-content\/uploads\/2025\/05\/Nerja-Playa.jpg\" \/>\n\t<meta property=\"og:image:width\" content=\"1920\" \/>\n\t<meta property=\"og:image:height\" content=\"1080\" \/>\n\t<meta property=\"og:image:type\" content=\"image\/jpeg\" \/>\n<meta name=\"author\" content=\"online\" \/>\n<meta name=\"twitter:card\" content=\"summary_large_image\" \/>\n<meta name=\"twitter:label1\" content=\"Escrito por\" \/>\n\t<meta name=\"twitter:data1\" content=\"online\" \/>\n\t<meta name=\"twitter:label2\" content=\"Tiempo de lectura\" \/>\n\t<meta name=\"twitter:data2\" content=\"7 minutos\" \/>\n<script type=\"application\/ld+json\" class=\"yoast-schema-graph\">{\"@context\":\"https:\/\/schema.org\",\"@graph\":[{\"@type\":\"Article\",\"@id\":\"https:\/\/carhirenerja.com\/es\/que-ver-en-la-axarquia-top-10-lugares-imprescindibles\/#article\",\"isPartOf\":{\"@id\":\"https:\/\/carhirenerja.com\/es\/que-ver-en-la-axarquia-top-10-lugares-imprescindibles\/\"},\"author\":{\"name\":\"online\",\"@id\":\"https:\/\/carhirenerja.com\/es\/#\/schema\/person\/9541c582c003ee8be3ff191ef5e83da6\"},\"headline\":\"Qu\u00e9 ver en la Axarqu\u00eda: Top 10 lugares imprescindibles\",\"datePublished\":\"2025-05-07T08:06:42+00:00\",\"dateModified\":\"2025-05-07T14:51:23+00:00\",\"mainEntityOfPage\":{\"@id\":\"https:\/\/carhirenerja.com\/es\/que-ver-en-la-axarquia-top-10-lugares-imprescindibles\/\"},\"wordCount\":1125,\"publisher\":{\"@id\":\"https:\/\/carhirenerja.com\/es\/#organization\"},\"image\":{\"@id\":\"https:\/\/carhirenerja.com\/es\/que-ver-en-la-axarquia-top-10-lugares-imprescindibles\/#primaryimage\"},\"thumbnailUrl\":\"https:\/\/carhirenerja.com\/wp-content\/uploads\/2025\/05\/Nerja-Playa.jpg\",\"articleSection\":[\"Blog\"],\"inLanguage\":\"es\"},{\"@type\":\"WebPage\",\"@id\":\"https:\/\/carhirenerja.com\/es\/que-ver-en-la-axarquia-top-10-lugares-imprescindibles\/\",\"url\":\"https:\/\/carhirenerja.com\/es\/que-ver-en-la-axarquia-top-10-lugares-imprescindibles\/\",\"name\":\"Qu\u00e9 ver en la Axarqu\u00eda: Top 10 lugares imprescindibles - Car Hire Nerja\",\"isPartOf\":{\"@id\":\"https:\/\/carhirenerja.com\/es\/#website\"},\"primaryImageOfPage\":{\"@id\":\"https:\/\/carhirenerja.com\/es\/que-ver-en-la-axarquia-top-10-lugares-imprescindibles\/#primaryimage\"},\"image\":{\"@id\":\"https:\/\/carhirenerja.com\/es\/que-ver-en-la-axarquia-top-10-lugares-imprescindibles\/#primaryimage\"},\"thumbnailUrl\":\"https:\/\/carhirenerja.com\/wp-content\/uploads\/2025\/05\/Nerja-Playa.jpg\",\"datePublished\":\"2025-05-07T08:06:42+00:00\",\"dateModified\":\"2025-05-07T14:51:23+00:00\",\"description\":\"Qu\u00e9 ver en la Axarqu\u00eda es una pregunta que se contesta sola en cuanto uno comienza a explorar esta joya al este de la provincia de M\u00e1laga.\",\"breadcrumb\":{\"@id\":\"https:\/\/carhirenerja.com\/es\/que-ver-en-la-axarquia-top-10-lugares-imprescindibles\/#breadcrumb\"},\"inLanguage\":\"es\",\"potentialAction\":[{\"@type\":\"ReadAction\",\"target\":[\"https:\/\/carhirenerja.com\/es\/que-ver-en-la-axarquia-top-10-lugares-imprescindibles\/\"]}]},{\"@type\":\"ImageObject\",\"inLanguage\":\"es\",\"@id\":\"https:\/\/carhirenerja.com\/es\/que-ver-en-la-axarquia-top-10-lugares-imprescindibles\/#primaryimage\",\"url\":\"https:\/\/carhirenerja.com\/wp-content\/uploads\/2025\/05\/Nerja-Playa.jpg\",\"contentUrl\":\"https:\/\/carhirenerja.com\/wp-content\/uploads\/2025\/05\/Nerja-Playa.jpg\",\"width\":1920,\"height\":1080,\"caption\":\"que ver en la axarquia\"},{\"@type\":\"BreadcrumbList\",\"@id\":\"https:\/\/carhirenerja.com\/es\/que-ver-en-la-axarquia-top-10-lugares-imprescindibles\/#breadcrumb\",\"itemListElement\":[{\"@type\":\"ListItem\",\"position\":1,\"name\":\"Portada\",\"item\":\"https:\/\/carhirenerja.com\/es\/\"},{\"@type\":\"ListItem\",\"position\":2,\"name\":\"Qu\u00e9 ver en la Axarqu\u00eda: Top 10 lugares imprescindibles\"}]},{\"@type\":\"WebSite\",\"@id\":\"https:\/\/carhirenerja.com\/es\/#website\",\"url\":\"https:\/\/carhirenerja.com\/es\/\",\"name\":\"Car Hire Nerja\",\"description\":\"Car Rental Nerja\",\"publisher\":{\"@id\":\"https:\/\/carhirenerja.com\/es\/#organization\"},\"potentialAction\":[{\"@type\":\"SearchAction\",\"target\":{\"@type\":\"EntryPoint\",\"urlTemplate\":\"https:\/\/carhirenerja.com\/es\/?s={search_term_string}\"},\"query-input\":{\"@type\":\"PropertyValueSpecification\",\"valueRequired\":true,\"valueName\":\"search_term_string\"}}],\"inLanguage\":\"es\"},{\"@type\":\"Organization\",\"@id\":\"https:\/\/carhirenerja.com\/es\/#organization\",\"name\":\"Car Hire Nerja\",\"url\":\"https:\/\/carhirenerja.com\/es\/\",\"logo\":{\"@type\":\"ImageObject\",\"inLanguage\":\"es\",\"@id\":\"https:\/\/carhirenerja.com\/es\/#\/schema\/logo\/image\/\",\"url\":\"https:\/\/carhirenerja.com\/wp-content\/uploads\/2024\/03\/cropped-Logo-500px-Miniatura.png\",\"contentUrl\":\"https:\/\/carhirenerja.com\/wp-content\/uploads\/2024\/03\/cropped-Logo-500px-Miniatura.png\",\"width\":512,\"height\":512,\"caption\":\"Car Hire Nerja\"},\"image\":{\"@id\":\"https:\/\/carhirenerja.com\/es\/#\/schema\/logo\/image\/\"},\"sameAs\":[\"https:\/\/www.facebook.com\/lessaggrocars\"]},{\"@type\":\"Person\",\"@id\":\"https:\/\/carhirenerja.com\/es\/#\/schema\/person\/9541c582c003ee8be3ff191ef5e83da6\",\"name\":\"online\",\"image\":{\"@type\":\"ImageObject\",\"inLanguage\":\"es\",\"@id\":\"https:\/\/carhirenerja.com\/es\/#\/schema\/person\/image\/\",\"url\":\"https:\/\/carhirenerja.com\/wp-content\/litespeed\/avatar\/b38556951d95446865521ec6b1a6f237.jpg?ver=1776557749\",\"contentUrl\":\"https:\/\/carhirenerja.com\/wp-content\/litespeed\/avatar\/b38556951d95446865521ec6b1a6f237.jpg?ver=1776557749\",\"caption\":\"online\"},\"sameAs\":[\"http:\/\/carhirenerja.com\"]}]}<\/script>\n<!-- \/ Yoast SEO plugin. -->","yoast_head_json":{"title":"Qu\u00e9 ver en la Axarqu\u00eda: Top 10 lugares imprescindibles - Car Hire Nerja","description":"Qu\u00e9 ver en la Axarqu\u00eda es una pregunta que se contesta sola en cuanto uno comienza a explorar esta joya al este de la provincia de M\u00e1laga.","robots":{"index":"index","follow":"follow","max-snippet":"max-snippet:-1","max-image-preview":"max-image-preview:large","max-video-preview":"max-video-preview:-1"},"canonical":"https:\/\/carhirenerja.com\/es\/que-ver-en-la-axarquia-top-10-lugares-imprescindibles\/","og_locale":"es_ES","og_type":"article","og_title":"Qu\u00e9 ver en la Axarqu\u00eda: Top 10 lugares imprescindibles - Car Hire Nerja","og_description":"Qu\u00e9 ver en la Axarqu\u00eda es una pregunta que se contesta sola en cuanto uno comienza a explorar esta joya al este de la provincia de M\u00e1laga.","og_url":"https:\/\/carhirenerja.com\/es\/que-ver-en-la-axarquia-top-10-lugares-imprescindibles\/","og_site_name":"Car Hire Nerja","article_publisher":"https:\/\/www.facebook.com\/lessaggrocars","article_published_time":"2025-05-07T08:06:42+00:00","article_modified_time":"2025-05-07T14:51:23+00:00","og_image":[{"width":1920,"height":1080,"url":"https:\/\/carhirenerja.com\/wp-content\/uploads\/2025\/05\/Nerja-Playa.jpg","type":"image\/jpeg"}],"author":"online","twitter_card":"summary_large_image","twitter_misc":{"Escrito por":"online","Tiempo de lectura":"7 minutos"},"schema":{"@context":"https:\/\/schema.org","@graph":[{"@type":"Article","@id":"https:\/\/carhirenerja.com\/es\/que-ver-en-la-axarquia-top-10-lugares-imprescindibles\/#article","isPartOf":{"@id":"https:\/\/carhirenerja.com\/es\/que-ver-en-la-axarquia-top-10-lugares-imprescindibles\/"},"author":{"name":"online","@id":"https:\/\/carhirenerja.com\/es\/#\/schema\/person\/9541c582c003ee8be3ff191ef5e83da6"},"headline":"Qu\u00e9 ver en la Axarqu\u00eda: Top 10 lugares imprescindibles","datePublished":"2025-05-07T08:06:42+00:00","dateModified":"2025-05-07T14:51:23+00:00","mainEntityOfPage":{"@id":"https:\/\/carhirenerja.com\/es\/que-ver-en-la-axarquia-top-10-lugares-imprescindibles\/"},"wordCount":1125,"publisher":{"@id":"https:\/\/carhirenerja.com\/es\/#organization"},"image":{"@id":"https:\/\/carhirenerja.com\/es\/que-ver-en-la-axarquia-top-10-lugares-imprescindibles\/#primaryimage"},"thumbnailUrl":"https:\/\/carhirenerja.com\/wp-content\/uploads\/2025\/05\/Nerja-Playa.jpg","articleSection":["Blog"],"inLanguage":"es"},{"@type":"WebPage","@id":"https:\/\/carhirenerja.com\/es\/que-ver-en-la-axarquia-top-10-lugares-imprescindibles\/","url":"https:\/\/carhirenerja.com\/es\/que-ver-en-la-axarquia-top-10-lugares-imprescindibles\/","name":"Qu\u00e9 ver en la Axarqu\u00eda: Top 10 lugares imprescindibles - Car Hire Nerja","isPartOf":{"@id":"https:\/\/carhirenerja.com\/es\/#website"},"primaryImageOfPage":{"@id":"https:\/\/carhirenerja.com\/es\/que-ver-en-la-axarquia-top-10-lugares-imprescindibles\/#primaryimage"},"image":{"@id":"https:\/\/carhirenerja.com\/es\/que-ver-en-la-axarquia-top-10-lugares-imprescindibles\/#primaryimage"},"thumbnailUrl":"https:\/\/carhirenerja.com\/wp-content\/uploads\/2025\/05\/Nerja-Playa.jpg","datePublished":"2025-05-07T08:06:42+00:00","dateModified":"2025-05-07T14:51:23+00:00","description":"Qu\u00e9 ver en la Axarqu\u00eda es una pregunta que se contesta sola en cuanto uno comienza a explorar esta joya al este de la provincia de M\u00e1laga.","breadcrumb":{"@id":"https:\/\/carhirenerja.com\/es\/que-ver-en-la-axarquia-top-10-lugares-imprescindibles\/#breadcrumb"},"inLanguage":"es","potentialAction":[{"@type":"ReadAction","target":["https:\/\/carhirenerja.com\/es\/que-ver-en-la-axarquia-top-10-lugares-imprescindibles\/"]}]},{"@type":"ImageObject","inLanguage":"es","@id":"https:\/\/carhirenerja.com\/es\/que-ver-en-la-axarquia-top-10-lugares-imprescindibles\/#primaryimage","url":"https:\/\/carhirenerja.com\/wp-content\/uploads\/2025\/05\/Nerja-Playa.jpg","contentUrl":"https:\/\/carhirenerja.com\/wp-content\/uploads\/2025\/05\/Nerja-Playa.jpg","width":1920,"height":1080,"caption":"que ver en la axarquia"},{"@type":"BreadcrumbList","@id":"https:\/\/carhirenerja.com\/es\/que-ver-en-la-axarquia-top-10-lugares-imprescindibles\/#breadcrumb","itemListElement":[{"@type":"ListItem","position":1,"name":"Portada","item":"https:\/\/carhirenerja.com\/es\/"},{"@type":"ListItem","position":2,"name":"Qu\u00e9 ver en la Axarqu\u00eda: Top 10 lugares imprescindibles"}]},{"@type":"WebSite","@id":"https:\/\/carhirenerja.com\/es\/#website","url":"https:\/\/carhirenerja.com\/es\/","name":"Car Hire Nerja","description":"Car Rental Nerja","publisher":{"@id":"https:\/\/carhirenerja.com\/es\/#organization"},"potentialAction":[{"@type":"SearchAction","target":{"@type":"EntryPoint","urlTemplate":"https:\/\/carhirenerja.com\/es\/?s={search_term_string}"},"query-input":{"@type":"PropertyValueSpecification","valueRequired":true,"valueName":"search_term_string"}}],"inLanguage":"es"},{"@type":"Organization","@id":"https:\/\/carhirenerja.com\/es\/#organization","name":"Car Hire Nerja","url":"https:\/\/carhirenerja.com\/es\/","logo":{"@type":"ImageObject","inLanguage":"es","@id":"https:\/\/carhirenerja.com\/es\/#\/schema\/logo\/image\/","url":"https:\/\/carhirenerja.com\/wp-content\/uploads\/2024\/03\/cropped-Logo-500px-Miniatura.png","contentUrl":"https:\/\/carhirenerja.com\/wp-content\/uploads\/2024\/03\/cropped-Logo-500px-Miniatura.png","width":512,"height":512,"caption":"Car Hire Nerja"},"image":{"@id":"https:\/\/carhirenerja.com\/es\/#\/schema\/logo\/image\/"},"sameAs":["https:\/\/www.facebook.com\/lessaggrocars"]},{"@type":"Person","@id":"https:\/\/carhirenerja.com\/es\/#\/schema\/person\/9541c582c003ee8be3ff191ef5e83da6","name":"online","image":{"@type":"ImageObject","inLanguage":"es","@id":"https:\/\/carhirenerja.com\/es\/#\/schema\/person\/image\/","url":"https:\/\/carhirenerja.com\/wp-content\/litespeed\/avatar\/b38556951d95446865521ec6b1a6f237.jpg?ver=1776557749","contentUrl":"https:\/\/carhirenerja.com\/wp-content\/litespeed\/avatar\/b38556951d95446865521ec6b1a6f237.jpg?ver=1776557749","caption":"online"},"sameAs":["http:\/\/carhirenerja.com"]}]}},"_links":{"self":[{"href":"https:\/\/carhirenerja.com\/es\/wp-json\/wp\/v2\/posts\/1797","targetHints":{"allow":["GET"]}}],"collection":[{"href":"https:\/\/carhirenerja.com\/es\/wp-json\/wp\/v2\/posts"}],"about":[{"href":"https:\/\/carhirenerja.com\/es\/wp-json\/wp\/v2\/types\/post"}],"author":[{"embeddable":true,"href":"https:\/\/carhirenerja.com\/es\/wp-json\/wp\/v2\/users\/1"}],"replies":[{"embeddable":true,"href":"https:\/\/carhirenerja.com\/es\/wp-json\/wp\/v2\/comments?post=1797"}],"version-history":[{"count":38,"href":"https:\/\/carhirenerja.com\/es\/wp-json\/wp\/v2\/posts\/1797\/revisions"}],"predecessor-version":[{"id":2025,"href":"https:\/\/carhirenerja.com\/es\/wp-json\/wp\/v2\/posts\/1797\/revisions\/2025"}],"wp:featuredmedia":[{"embeddable":true,"href":"https:\/\/carhirenerja.com\/es\/wp-json\/wp\/v2\/media\/1844"}],"wp:attachment":[{"href":"https:\/\/carhirenerja.com\/es\/wp-json\/wp\/v2\/media?parent=1797"}],"wp:term":[{"taxonomy":"category","embeddable":true,"href":"https:\/\/carhirenerja.com\/es\/wp-json\/wp\/v2\/categories?post=1797"},{"taxonomy":"post_tag","embeddable":true,"href":"https:\/\/carhirenerja.com\/es\/wp-json\/wp\/v2\/tags?post=1797"}],"curies":[{"name":"wp","href":"https:\/\/api.w.org\/{rel}","templated":true}]}}